{"id":852,"date":"2021-09-27T11:59:32","date_gmt":"2021-09-27T09:59:32","guid":{"rendered":"https:\/\/www.teilhabedigital.de\/?p=852"},"modified":"2021-09-27T12:04:30","modified_gmt":"2021-09-27T10:04:30","slug":"2-kongress-der-teilhabeforschung","status":"publish","type":"post","link":"https:\/\/www.teilhabedigital.de\/index.php\/2021\/09\/27\/2-kongress-der-teilhabeforschung\/","title":{"rendered":"2. KONGRESS DER TEILHABEFORSCHUNG"},"content":{"rendered":"\n<p class=\"has-text-align-center\">Am 15. und 16. September fand der 2. Kongress der Teilhabeforschung statt, der von dem\u00a0<em>Aktionsb\u00fcndnis Teilhabeforschung\u00a0<\/em>sowie der\u00a0<em>Katholischen Hochschule Nordrhein-Westfalen<\/em>\u00a0als Online-Kongress ausgerichtet wurde. <\/p>\n\n\n\n<!--more-->\n\n\n\n<p class=\"has-text-align-center\">Der Kongress bot einen \u00dcberblick \u00fcber die\u00a0Teilhabeforschung im deutschsprachigen Raum und fokussierte dabei die Themen Forschung zu den Folgen der Corona-Pandemie f\u00fcr die Teilhabe von Menschen mit Beeintr\u00e4chtigungen sowie Forschung zu digitalen Techniken und Tools f\u00fcr Menschen mit Behinderungen.\u00a0Mitglieder der Projektgruppe \u201eTeilhabe digital\u201cwaren\u00a0auf dem Kongress der Teilhabeforschung mit\u00a0mehreren\u00a0Beitr\u00e4gen vertreten. Prof. Dr. Christophe Kunze (Hochschule Furtwangen) sprach als einer der\u00a0Hauptredner:innen\u00a0\u00fcber \u201eDigitale Transformation und Teilhabe: Chancen und Herausforderungen aus Perspektive der Technikgestaltung\u201c. Ein weiterer Beitrag von Christian Menschik (Hochschule Furtwangen) und Verena Wahl (Katholische Hochschule Freiburg) berichtete aus dem Forschungsprojekt \u201eTeilhabe digital \u2013 Erfahrungen aus einem partizipativen Forschungsprojekt zur Anpassung und Nutzung digitaler Technologien im Rahmen von Teilhabef\u00f6rderung\u201c.\u00a0Theresa\u00a0Etges\u00a0(Katholische Hochschule Freiburg) berichtete \u00fcber \u201eTeilhabew\u00fcnsche von Personen mit intellektuellen Behinderungen\u201c, die im Rahmen der ersten Projektphasen von \u201eTeilhabe digital\u201c erhoben wurden.<\/p>\n\n\n\n<p class=\"has-text-align-center\"><a href=\"https:\/\/www.teilhabeforschung.org\/kongresse\/2021\/ueberblick\">https:\/\/www.teilhabeforschung.org\/<\/a><a href=\"https:\/\/www.teilhabeforschung.org\/kongresse\/2021\/ueberblick\" data-type=\"URL\" data-id=\"https:\/\/www.teilhabeforschung.org\/kongresse\/2021\/ueberblick\">kongresse<\/a><a href=\"https:\/\/www.teilhabeforschung.org\/kongresse\/2021\/ueberblick\" target=\"_blank\" rel=\"noreferrer noopener\">\/2021\/ueberblick<\/a><\/p>\n","protected":false},"excerpt":{"rendered":"<p>Am 15. und 16. September fand der 2. Kongress der Teilhabeforschung statt, der von dem\u00a0Aktionsb\u00fcndnis Teilhabeforschung\u00a0sowie der\u00a0Katholischen Hochschule Nordrhein-Westfalen\u00a0als Online-Kongress ausgerichtet wurde.<\/p>\n","protected":false},"author":8,"featured_media":859,"comment_status":"closed","ping_status":"closed","sticky":false,"template":"","format":"standard","meta":{"footnotes":""},"categories":[1],"tags":[],"class_list":["post-852","post","type-post","status-publish","format-standard","has-post-thumbnail","hentry","category-allgemein"],"_links":{"self":[{"href":"https:\/\/www.teilhabedigital.de\/index.php\/wp-json\/wp\/v2\/posts\/852","targetHints":{"allow":["GET"]}}],"collection":[{"href":"https:\/\/www.teilhabedigital.de\/index.php\/wp-json\/wp\/v2\/posts"}],"about":[{"href":"https:\/\/www.teilhabedigital.de\/index.php\/wp-json\/wp\/v2\/types\/post"}],"author":[{"embeddable":true,"href":"https:\/\/www.teilhabedigital.de\/index.php\/wp-json\/wp\/v2\/users\/8"}],"replies":[{"embeddable":true,"href":"https:\/\/www.teilhabedigital.de\/index.php\/wp-json\/wp\/v2\/comments?post=852"}],"version-history":[{"count":5,"href":"https:\/\/www.teilhabedigital.de\/index.php\/wp-json\/wp\/v2\/posts\/852\/revisions"}],"predecessor-version":[{"id":858,"href":"https:\/\/www.teilhabedigital.de\/index.php\/wp-json\/wp\/v2\/posts\/852\/revisions\/858"}],"wp:featuredmedia":[{"embeddable":true,"href":"https:\/\/www.teilhabedigital.de\/index.php\/wp-json\/wp\/v2\/media\/859"}],"wp:attachment":[{"href":"https:\/\/www.teilhabedigital.de\/index.php\/wp-json\/wp\/v2\/media?parent=852"}],"wp:term":[{"taxonomy":"category","embeddable":true,"href":"https:\/\/www.teilhabedigital.de\/index.php\/wp-json\/wp\/v2\/categories?post=852"},{"taxonomy":"post_tag","embeddable":true,"href":"https:\/\/www.teilhabedigital.de\/index.php\/wp-json\/wp\/v2\/tags?post=852"}],"curies":[{"name":"wp","href":"https:\/\/api.w.org\/{rel}","templated":true}]}}