{"id":1324,"date":"2023-01-16T14:04:00","date_gmt":"2023-01-16T13:04:00","guid":{"rendered":"https:\/\/www.teilhabedigital.de\/?p=1324"},"modified":"2023-05-16T14:08:52","modified_gmt":"2023-05-16T12:08:52","slug":"expertinnen-interviews","status":"publish","type":"post","link":"https:\/\/www.teilhabedigital.de\/index.php\/2023\/01\/16\/expertinnen-interviews\/","title":{"rendered":"EXPERT*INNEN-INTERVIEWS"},"content":{"rendered":"\n<p>In den letzten Wochen wurden Interviews mit Expert*innen aus Einrichtungen gef\u00fchrt, in denen bereits Projekte zur F\u00f6rderung der Teilhabe an und durch digitale(r) Technik f\u00fcr Menschen mit intellektuellen Behinderungen durchgef\u00fchrt wurden. <\/p>\n\n\n\n<!--more-->\n\n\n\n<p>Die Erfahrungen und Einsch\u00e4tzungen dieser Expert*innen leisten einen wertvollen Beitrag zu den Handlungsempfehlungen, die im Rahmen des Projekts f\u00fcr Wohneinrichtungen f\u00fcr den Personenkreis entwickelt werden.<\/p>\n\n\n\n<div style=\"height:100px\" aria-hidden=\"true\" class=\"wp-block-spacer\"><\/div>\n\n\n\n<p><strong>Version in leichter Sprache<\/strong><\/p>\n\n\n<div class=\"wp-block-image\">\n<figure class=\"alignright size-full is-resized\"><img loading=\"lazy\" decoding=\"async\" src=\"https:\/\/www.teilhabedigital.de\/wp-content\/uploads\/2023\/05\/image-16.png\" alt=\"\" class=\"wp-image-1325\" width=\"188\" height=\"275\" srcset=\"https:\/\/www.teilhabedigital.de\/wp-content\/uploads\/2023\/05\/image-16.png 376w, https:\/\/www.teilhabedigital.de\/wp-content\/uploads\/2023\/05\/image-16-205x300.png 205w\" sizes=\"auto, (max-width: 188px) 100vw, 188px\" \/><\/figure>\n<\/div>\n\n\n<p>Wir haben Experten befragt.<\/p>\n\n\n\n<p>Experten kennen sich gut in einem Thema aus.<\/p>\n\n\n\n<p>Die Experten sind Mitarbeiter in Einrichtungen<\/p>\n\n\n\n<p>f\u00fcr Menschen mit geistiger Behinderung.<\/p>\n\n\n\n<p>Sie haben Projekte zur Technik-Nutzung durchgef\u00fchrt.<\/p>\n\n\n\n<p>Sie haben uns von ihren Erfahrungen erz\u00e4hlt.<\/p>\n\n\n\n<p>Das hilft unserem Projekt.<\/p>\n\n\n\n<p>Und es hilft anderen Wohn-Einrichtungen.<\/p>\n","protected":false},"excerpt":{"rendered":"<p>In den letzten Wochen wurden Interviews mit Expert*innen aus Einrichtungen gef\u00fchrt, in denen bereits Projekte zur F\u00f6rderung der Teilhabe an und durch digitale(r) Technik f\u00fcr Menschen mit intellektuellen Behinderungen durchgef\u00fchrt wurden.<\/p>\n","protected":false},"author":8,"featured_media":60,"comment_status":"closed","ping_status":"closed","sticky":false,"template":"","format":"standard","meta":{"footnotes":""},"categories":[1],"tags":[],"class_list":["post-1324","post","type-post","status-publish","format-standard","has-post-thumbnail","hentry","category-allgemein"],"_links":{"self":[{"href":"https:\/\/www.teilhabedigital.de\/index.php\/wp-json\/wp\/v2\/posts\/1324","targetHints":{"allow":["GET"]}}],"collection":[{"href":"https:\/\/www.teilhabedigital.de\/index.php\/wp-json\/wp\/v2\/posts"}],"about":[{"href":"https:\/\/www.teilhabedigital.de\/index.php\/wp-json\/wp\/v2\/types\/post"}],"author":[{"embeddable":true,"href":"https:\/\/www.teilhabedigital.de\/index.php\/wp-json\/wp\/v2\/users\/8"}],"replies":[{"embeddable":true,"href":"https:\/\/www.teilhabedigital.de\/index.php\/wp-json\/wp\/v2\/comments?post=1324"}],"version-history":[{"count":1,"href":"https:\/\/www.teilhabedigital.de\/index.php\/wp-json\/wp\/v2\/posts\/1324\/revisions"}],"predecessor-version":[{"id":1326,"href":"https:\/\/www.teilhabedigital.de\/index.php\/wp-json\/wp\/v2\/posts\/1324\/revisions\/1326"}],"wp:featuredmedia":[{"embeddable":true,"href":"https:\/\/www.teilhabedigital.de\/index.php\/wp-json\/wp\/v2\/media\/60"}],"wp:attachment":[{"href":"https:\/\/www.teilhabedigital.de\/index.php\/wp-json\/wp\/v2\/media?parent=1324"}],"wp:term":[{"taxonomy":"category","embeddable":true,"href":"https:\/\/www.teilhabedigital.de\/index.php\/wp-json\/wp\/v2\/categories?post=1324"},{"taxonomy":"post_tag","embeddable":true,"href":"https:\/\/www.teilhabedigital.de\/index.php\/wp-json\/wp\/v2\/tags?post=1324"}],"curies":[{"name":"wp","href":"https:\/\/api.w.org\/{rel}","templated":true}]}}